{"id":365,"date":"2026-02-01T18:30:59","date_gmt":"2026-02-01T17:30:59","guid":{"rendered":"https:\/\/cinebastide-laboite.org\/?p=365"},"modified":"2026-02-21T09:00:03","modified_gmt":"2026-02-21T08:00:03","slug":"carmela","status":"publish","type":"post","link":"https:\/\/cinebastide-laboite.org\/index.php\/2026\/02\/01\/carmela\/","title":{"rendered":"Carmela"},"content":{"rendered":"\n<h3 class=\"wp-block-heading\">Synopsis <\/h3>\n\n\n\n<p>Apr\u00e8s le d\u00e9but de la guerre civile espagnole, Carmela rejoint les milices et part au front, comme beaucoup d&#8217;autres femmes. Leur combat est double : lutter contre le fascisme et \u00e9viter la perte des droits acquis. Au combat, une grenade artisanale explose la main droite de Carmela, celle qu&#8217;elle avait utilis\u00e9e quelques mois auparavant pour voter pour la premi\u00e8re fois.<\/p>\n\n\n\n<p class=\"has-medium-font-size\"><strong>Le commentaire du comit\u00e9<\/strong><\/p>\n\n\n\n<p>Guerre civile espagnole, \u00e9mancipation f\u00e9minine, engagement de la jeunesse, devoir de m\u00e9moire. Vicente Mallols r\u00e9unit cela en un personnage fictif, Carmela, dont le journal intime \u00e9tablit les \u00e9tapes de ce po\u00e8me graphique en stop-motion. Un bel hommage \u00e0 tous ces anonymes qui ont fait don de leur personne pour faire vivre leurs valeurs et leurs espoirs. Leur nom s&#8217;est perdu, leur courage nous inspire.<\/p>\n\n\n\n<p class=\"has-small-font-size\">                                                                                                                                                                 Pierre Olivelli, membre du comit\u00e9 de s\u00e9lection<\/p>\n\n\n\n<p><\/p>\n\n\n\n<div class=\"wp-block-columns is-layout-flex wp-container-core-columns-is-layout-9d6595d7 wp-block-columns-is-layout-flex\">\n<div class=\"wp-block-column is-layout-flow wp-block-column-is-layout-flow\">\n<p class=\"has-text-align-center has-small-font-size\">COURT M\u00c9TRAGE<\/p>\n<\/div>\n\n\n\n<div class=\"wp-block-column is-layout-flow wp-block-column-is-layout-flow\">\n<p class=\"has-text-align-center has-small-font-size\">2025<\/p>\n<\/div>\n\n\n\n<div class=\"wp-block-column is-layout-flow wp-block-column-is-layout-flow\">\n<p class=\"has-text-align-center has-small-font-size\">Espagnol<\/p>\n<\/div>\n\n\n\n<div class=\"wp-block-column is-layout-flow wp-block-column-is-layout-flow\">\n<p class=\"has-text-align-center has-small-font-size\">15 minutes<\/p>\n<\/div>\n\n\n\n<div class=\"wp-block-column is-layout-flow wp-block-column-is-layout-flow\"><\/div>\n<\/div>\n\n\n\n<figure class=\"wp-block-table\"><table class=\"has-fixed-layout\"><tbody><tr><td>R\u00e9alisation<\/td><td>Vicente MALLOLS<\/td><\/tr><tr><td>Sc\u00e9nario<\/td><td>Helena S\u00e1nchez<\/td><\/tr><tr><td>Production<\/td><td>Pangur Animation Mansalva S.L Foliascope<\/td><\/tr><\/tbody><\/table><\/figure>\n\n\n<div class=\"wp-block-image\">\n<figure class=\"aligncenter size-full\"><img loading=\"lazy\" decoding=\"async\" width=\"1152\" height=\"864\" src=\"https:\/\/cinebastide-laboite.org\/wp-content\/uploads\/2026\/01\/Carmela-1.jpg\" alt=\"\" class=\"wp-image-368\" srcset=\"https:\/\/cinebastide-laboite.org\/wp-content\/uploads\/2026\/01\/Carmela-1.jpg 1152w, https:\/\/cinebastide-laboite.org\/wp-content\/uploads\/2026\/01\/Carmela-1-300x225.jpg 300w, https:\/\/cinebastide-laboite.org\/wp-content\/uploads\/2026\/01\/Carmela-1-1024x768.jpg 1024w, https:\/\/cinebastide-laboite.org\/wp-content\/uploads\/2026\/01\/Carmela-1-768x576.jpg 768w\" sizes=\"auto, (max-width: 1152px) 100vw, 1152px\" \/><\/figure>\n<\/div>","protected":false},"excerpt":{"rendered":"<p>Synopsis Apr\u00e8s le d\u00e9but de la guerre civile espagnole, Carmela rejoint les milices [&hellip;]<\/p>\n","protected":false},"author":1,"featured_media":369,"comment_status":"closed","ping_status":"open","sticky":false,"template":"","format":"standard","meta":{"footnotes":""},"categories":[7,5],"tags":[],"class_list":["post-365","post","type-post","status-publish","format-standard","has-post-thumbnail","hentry","category-fevrier-2026","category-films"],"yoast_head":"<!-- This site is optimized with the Yoast SEO plugin v26.6 - https:\/\/yoast.com\/wordpress\/plugins\/seo\/ -->\n<title>Carmela - La Bo\u00eete par Cin\u00e9Bastide<\/title>\n<meta name=\"robots\" content=\"index, follow, max-snippet:-1, max-image-preview:large, max-video-preview:-1\" \/>\n<link rel=\"canonical\" href=\"https:\/\/cinebastide-laboite.org\/index.php\/2026\/02\/01\/carmela\/\" \/>\n<meta property=\"og:locale\" content=\"en_US\" \/>\n<meta property=\"og:type\" content=\"article\" \/>\n<meta property=\"og:title\" content=\"Carmela - La Bo\u00eete par Cin\u00e9Bastide\" \/>\n<meta property=\"og:description\" content=\"Synopsis Apr\u00e8s le d\u00e9but de la guerre civile espagnole, Carmela rejoint les milices [&hellip;]\" \/>\n<meta property=\"og:url\" content=\"https:\/\/cinebastide-laboite.org\/index.php\/2026\/02\/01\/carmela\/\" \/>\n<meta property=\"og:site_name\" content=\"La Bo\u00eete par Cin\u00e9Bastide\" \/>\n<meta property=\"article:published_time\" content=\"2026-02-01T17:30:59+00:00\" \/>\n<meta property=\"article:modified_time\" content=\"2026-02-21T08:00:03+00:00\" \/>\n<meta property=\"og:image\" content=\"https:\/\/cinebastide-laboite.org\/wp-content\/uploads\/2026\/01\/Carmela2-1.jpg\" \/>\n\t<meta property=\"og:image:width\" content=\"1140\" \/>\n\t<meta property=\"og:image:height\" content=\"864\" \/>\n\t<meta property=\"og:image:type\" content=\"image\/jpeg\" \/>\n<meta name=\"author\" content=\"laboite\" \/>\n<meta name=\"twitter:card\" content=\"summary_large_image\" \/>\n<meta name=\"twitter:label1\" content=\"Written by\" \/>\n\t<meta name=\"twitter:data1\" content=\"laboite\" \/>\n\t<meta name=\"twitter:label2\" content=\"Est. reading time\" \/>\n\t<meta name=\"twitter:data2\" content=\"2 minutes\" \/>\n<script type=\"application\/ld+json\" class=\"yoast-schema-graph\">{\"@context\":\"https:\/\/schema.org\",\"@graph\":[{\"@type\":\"Article\",\"@id\":\"https:\/\/cinebastide-laboite.org\/index.php\/2026\/02\/01\/carmela\/#article\",\"isPartOf\":{\"@id\":\"https:\/\/cinebastide-laboite.org\/index.php\/2026\/02\/01\/carmela\/\"},\"author\":{\"name\":\"laboite\",\"@id\":\"https:\/\/cinebastide-laboite.org\/#\/schema\/person\/2833ad20a184769f7f0949559b5e88c4\"},\"headline\":\"Carmela\",\"datePublished\":\"2026-02-01T17:30:59+00:00\",\"dateModified\":\"2026-02-21T08:00:03+00:00\",\"mainEntityOfPage\":{\"@id\":\"https:\/\/cinebastide-laboite.org\/index.php\/2026\/02\/01\/carmela\/\"},\"wordCount\":168,\"publisher\":{\"@id\":\"https:\/\/cinebastide-laboite.org\/#organization\"},\"image\":{\"@id\":\"https:\/\/cinebastide-laboite.org\/index.php\/2026\/02\/01\/carmela\/#primaryimage\"},\"thumbnailUrl\":\"https:\/\/cinebastide-laboite.org\/wp-content\/uploads\/2026\/01\/Carmela2-1.jpg\",\"articleSection\":[\"F\u00e9vrier 2026\",\"Films\"],\"inLanguage\":\"en-US\"},{\"@type\":\"WebPage\",\"@id\":\"https:\/\/cinebastide-laboite.org\/index.php\/2026\/02\/01\/carmela\/\",\"url\":\"https:\/\/cinebastide-laboite.org\/index.php\/2026\/02\/01\/carmela\/\",\"name\":\"Carmela - La Bo\u00eete par Cin\u00e9Bastide\",\"isPartOf\":{\"@id\":\"https:\/\/cinebastide-laboite.org\/#website\"},\"primaryImageOfPage\":{\"@id\":\"https:\/\/cinebastide-laboite.org\/index.php\/2026\/02\/01\/carmela\/#primaryimage\"},\"image\":{\"@id\":\"https:\/\/cinebastide-laboite.org\/index.php\/2026\/02\/01\/carmela\/#primaryimage\"},\"thumbnailUrl\":\"https:\/\/cinebastide-laboite.org\/wp-content\/uploads\/2026\/01\/Carmela2-1.jpg\",\"datePublished\":\"2026-02-01T17:30:59+00:00\",\"dateModified\":\"2026-02-21T08:00:03+00:00\",\"breadcrumb\":{\"@id\":\"https:\/\/cinebastide-laboite.org\/index.php\/2026\/02\/01\/carmela\/#breadcrumb\"},\"inLanguage\":\"en-US\",\"potentialAction\":[{\"@type\":\"ReadAction\",\"target\":[\"https:\/\/cinebastide-laboite.org\/index.php\/2026\/02\/01\/carmela\/\"]}]},{\"@type\":\"ImageObject\",\"inLanguage\":\"en-US\",\"@id\":\"https:\/\/cinebastide-laboite.org\/index.php\/2026\/02\/01\/carmela\/#primaryimage\",\"url\":\"https:\/\/cinebastide-laboite.org\/wp-content\/uploads\/2026\/01\/Carmela2-1.jpg\",\"contentUrl\":\"https:\/\/cinebastide-laboite.org\/wp-content\/uploads\/2026\/01\/Carmela2-1.jpg\",\"width\":1140,\"height\":864},{\"@type\":\"BreadcrumbList\",\"@id\":\"https:\/\/cinebastide-laboite.org\/index.php\/2026\/02\/01\/carmela\/#breadcrumb\",\"itemListElement\":[{\"@type\":\"ListItem\",\"position\":1,\"name\":\"Accueil\",\"item\":\"https:\/\/cinebastide-laboite.org\/\"},{\"@type\":\"ListItem\",\"position\":2,\"name\":\"Carmela\"}]},{\"@type\":\"WebSite\",\"@id\":\"https:\/\/cinebastide-laboite.org\/#website\",\"url\":\"https:\/\/cinebastide-laboite.org\/\",\"name\":\"La Bo\u00eete par Cin\u00e9Bastide\",\"description\":\"Le Festival International du Film Politique toute l&#039;ann\u00e9e\",\"publisher\":{\"@id\":\"https:\/\/cinebastide-laboite.org\/#organization\"},\"potentialAction\":[{\"@type\":\"SearchAction\",\"target\":{\"@type\":\"EntryPoint\",\"urlTemplate\":\"https:\/\/cinebastide-laboite.org\/?s={search_term_string}\"},\"query-input\":{\"@type\":\"PropertyValueSpecification\",\"valueRequired\":true,\"valueName\":\"search_term_string\"}}],\"inLanguage\":\"en-US\"},{\"@type\":\"Organization\",\"@id\":\"https:\/\/cinebastide-laboite.org\/#organization\",\"name\":\"La Bo\u00eete par Cin\u00e9Bastide\",\"url\":\"https:\/\/cinebastide-laboite.org\/\",\"logo\":{\"@type\":\"ImageObject\",\"inLanguage\":\"en-US\",\"@id\":\"https:\/\/cinebastide-laboite.org\/#\/schema\/logo\/image\/\",\"url\":\"https:\/\/cinebastide-laboite.org\/wp-content\/uploads\/2025\/12\/cropped-Logo-boite-couleurs-scaled-1.png\",\"contentUrl\":\"https:\/\/cinebastide-laboite.org\/wp-content\/uploads\/2025\/12\/cropped-Logo-boite-couleurs-scaled-1.png\",\"width\":2557,\"height\":2552,\"caption\":\"La Bo\u00eete par Cin\u00e9Bastide\"},\"image\":{\"@id\":\"https:\/\/cinebastide-laboite.org\/#\/schema\/logo\/image\/\"}},{\"@type\":\"Person\",\"@id\":\"https:\/\/cinebastide-laboite.org\/#\/schema\/person\/2833ad20a184769f7f0949559b5e88c4\",\"name\":\"laboite\",\"image\":{\"@type\":\"ImageObject\",\"inLanguage\":\"en-US\",\"@id\":\"https:\/\/cinebastide-laboite.org\/#\/schema\/person\/image\/\",\"url\":\"https:\/\/secure.gravatar.com\/avatar\/488c5d63b9971d2ea5b4dca346f1bbb18e65092b7c6c14af43d8cbda7edbbb71?s=96&d=mm&r=g\",\"contentUrl\":\"https:\/\/secure.gravatar.com\/avatar\/488c5d63b9971d2ea5b4dca346f1bbb18e65092b7c6c14af43d8cbda7edbbb71?s=96&d=mm&r=g\",\"caption\":\"laboite\"},\"sameAs\":[\"https:\/\/cinebastide-laboite.org\"],\"url\":\"https:\/\/cinebastide-laboite.org\/index.php\/author\/laboite\/\"}]}<\/script>\n<!-- \/ Yoast SEO plugin. -->","yoast_head_json":{"title":"Carmela - La Bo\u00eete par Cin\u00e9Bastide","robots":{"index":"index","follow":"follow","max-snippet":"max-snippet:-1","max-image-preview":"max-image-preview:large","max-video-preview":"max-video-preview:-1"},"canonical":"https:\/\/cinebastide-laboite.org\/index.php\/2026\/02\/01\/carmela\/","og_locale":"en_US","og_type":"article","og_title":"Carmela - La Bo\u00eete par Cin\u00e9Bastide","og_description":"Synopsis Apr\u00e8s le d\u00e9but de la guerre civile espagnole, Carmela rejoint les milices [&hellip;]","og_url":"https:\/\/cinebastide-laboite.org\/index.php\/2026\/02\/01\/carmela\/","og_site_name":"La Bo\u00eete par Cin\u00e9Bastide","article_published_time":"2026-02-01T17:30:59+00:00","article_modified_time":"2026-02-21T08:00:03+00:00","og_image":[{"width":1140,"height":864,"url":"https:\/\/cinebastide-laboite.org\/wp-content\/uploads\/2026\/01\/Carmela2-1.jpg","type":"image\/jpeg"}],"author":"laboite","twitter_card":"summary_large_image","twitter_misc":{"Written by":"laboite","Est. reading time":"2 minutes"},"schema":{"@context":"https:\/\/schema.org","@graph":[{"@type":"Article","@id":"https:\/\/cinebastide-laboite.org\/index.php\/2026\/02\/01\/carmela\/#article","isPartOf":{"@id":"https:\/\/cinebastide-laboite.org\/index.php\/2026\/02\/01\/carmela\/"},"author":{"name":"laboite","@id":"https:\/\/cinebastide-laboite.org\/#\/schema\/person\/2833ad20a184769f7f0949559b5e88c4"},"headline":"Carmela","datePublished":"2026-02-01T17:30:59+00:00","dateModified":"2026-02-21T08:00:03+00:00","mainEntityOfPage":{"@id":"https:\/\/cinebastide-laboite.org\/index.php\/2026\/02\/01\/carmela\/"},"wordCount":168,"publisher":{"@id":"https:\/\/cinebastide-laboite.org\/#organization"},"image":{"@id":"https:\/\/cinebastide-laboite.org\/index.php\/2026\/02\/01\/carmela\/#primaryimage"},"thumbnailUrl":"https:\/\/cinebastide-laboite.org\/wp-content\/uploads\/2026\/01\/Carmela2-1.jpg","articleSection":["F\u00e9vrier 2026","Films"],"inLanguage":"en-US"},{"@type":"WebPage","@id":"https:\/\/cinebastide-laboite.org\/index.php\/2026\/02\/01\/carmela\/","url":"https:\/\/cinebastide-laboite.org\/index.php\/2026\/02\/01\/carmela\/","name":"Carmela - La Bo\u00eete par Cin\u00e9Bastide","isPartOf":{"@id":"https:\/\/cinebastide-laboite.org\/#website"},"primaryImageOfPage":{"@id":"https:\/\/cinebastide-laboite.org\/index.php\/2026\/02\/01\/carmela\/#primaryimage"},"image":{"@id":"https:\/\/cinebastide-laboite.org\/index.php\/2026\/02\/01\/carmela\/#primaryimage"},"thumbnailUrl":"https:\/\/cinebastide-laboite.org\/wp-content\/uploads\/2026\/01\/Carmela2-1.jpg","datePublished":"2026-02-01T17:30:59+00:00","dateModified":"2026-02-21T08:00:03+00:00","breadcrumb":{"@id":"https:\/\/cinebastide-laboite.org\/index.php\/2026\/02\/01\/carmela\/#breadcrumb"},"inLanguage":"en-US","potentialAction":[{"@type":"ReadAction","target":["https:\/\/cinebastide-laboite.org\/index.php\/2026\/02\/01\/carmela\/"]}]},{"@type":"ImageObject","inLanguage":"en-US","@id":"https:\/\/cinebastide-laboite.org\/index.php\/2026\/02\/01\/carmela\/#primaryimage","url":"https:\/\/cinebastide-laboite.org\/wp-content\/uploads\/2026\/01\/Carmela2-1.jpg","contentUrl":"https:\/\/cinebastide-laboite.org\/wp-content\/uploads\/2026\/01\/Carmela2-1.jpg","width":1140,"height":864},{"@type":"BreadcrumbList","@id":"https:\/\/cinebastide-laboite.org\/index.php\/2026\/02\/01\/carmela\/#breadcrumb","itemListElement":[{"@type":"ListItem","position":1,"name":"Accueil","item":"https:\/\/cinebastide-laboite.org\/"},{"@type":"ListItem","position":2,"name":"Carmela"}]},{"@type":"WebSite","@id":"https:\/\/cinebastide-laboite.org\/#website","url":"https:\/\/cinebastide-laboite.org\/","name":"La Bo\u00eete par Cin\u00e9Bastide","description":"Le Festival International du Film Politique toute l&#039;ann\u00e9e","publisher":{"@id":"https:\/\/cinebastide-laboite.org\/#organization"},"potentialAction":[{"@type":"SearchAction","target":{"@type":"EntryPoint","urlTemplate":"https:\/\/cinebastide-laboite.org\/?s={search_term_string}"},"query-input":{"@type":"PropertyValueSpecification","valueRequired":true,"valueName":"search_term_string"}}],"inLanguage":"en-US"},{"@type":"Organization","@id":"https:\/\/cinebastide-laboite.org\/#organization","name":"La Bo\u00eete par Cin\u00e9Bastide","url":"https:\/\/cinebastide-laboite.org\/","logo":{"@type":"ImageObject","inLanguage":"en-US","@id":"https:\/\/cinebastide-laboite.org\/#\/schema\/logo\/image\/","url":"https:\/\/cinebastide-laboite.org\/wp-content\/uploads\/2025\/12\/cropped-Logo-boite-couleurs-scaled-1.png","contentUrl":"https:\/\/cinebastide-laboite.org\/wp-content\/uploads\/2025\/12\/cropped-Logo-boite-couleurs-scaled-1.png","width":2557,"height":2552,"caption":"La Bo\u00eete par Cin\u00e9Bastide"},"image":{"@id":"https:\/\/cinebastide-laboite.org\/#\/schema\/logo\/image\/"}},{"@type":"Person","@id":"https:\/\/cinebastide-laboite.org\/#\/schema\/person\/2833ad20a184769f7f0949559b5e88c4","name":"laboite","image":{"@type":"ImageObject","inLanguage":"en-US","@id":"https:\/\/cinebastide-laboite.org\/#\/schema\/person\/image\/","url":"https:\/\/secure.gravatar.com\/avatar\/488c5d63b9971d2ea5b4dca346f1bbb18e65092b7c6c14af43d8cbda7edbbb71?s=96&d=mm&r=g","contentUrl":"https:\/\/secure.gravatar.com\/avatar\/488c5d63b9971d2ea5b4dca346f1bbb18e65092b7c6c14af43d8cbda7edbbb71?s=96&d=mm&r=g","caption":"laboite"},"sameAs":["https:\/\/cinebastide-laboite.org"],"url":"https:\/\/cinebastide-laboite.org\/index.php\/author\/laboite\/"}]}},"_links":{"self":[{"href":"https:\/\/cinebastide-laboite.org\/index.php\/wp-json\/wp\/v2\/posts\/365","targetHints":{"allow":["GET"]}}],"collection":[{"href":"https:\/\/cinebastide-laboite.org\/index.php\/wp-json\/wp\/v2\/posts"}],"about":[{"href":"https:\/\/cinebastide-laboite.org\/index.php\/wp-json\/wp\/v2\/types\/post"}],"author":[{"embeddable":true,"href":"https:\/\/cinebastide-laboite.org\/index.php\/wp-json\/wp\/v2\/users\/1"}],"replies":[{"embeddable":true,"href":"https:\/\/cinebastide-laboite.org\/index.php\/wp-json\/wp\/v2\/comments?post=365"}],"version-history":[{"count":3,"href":"https:\/\/cinebastide-laboite.org\/index.php\/wp-json\/wp\/v2\/posts\/365\/revisions"}],"predecessor-version":[{"id":431,"href":"https:\/\/cinebastide-laboite.org\/index.php\/wp-json\/wp\/v2\/posts\/365\/revisions\/431"}],"wp:featuredmedia":[{"embeddable":true,"href":"https:\/\/cinebastide-laboite.org\/index.php\/wp-json\/wp\/v2\/media\/369"}],"wp:attachment":[{"href":"https:\/\/cinebastide-laboite.org\/index.php\/wp-json\/wp\/v2\/media?parent=365"}],"wp:term":[{"taxonomy":"category","embeddable":true,"href":"https:\/\/cinebastide-laboite.org\/index.php\/wp-json\/wp\/v2\/categories?post=365"},{"taxonomy":"post_tag","embeddable":true,"href":"https:\/\/cinebastide-laboite.org\/index.php\/wp-json\/wp\/v2\/tags?post=365"}],"curies":[{"name":"wp","href":"https:\/\/api.w.org\/{rel}","templated":true}]}}